{"id":8656,"date":"2023-02-18T16:49:32","date_gmt":"2023-02-18T15:49:32","guid":{"rendered":"https:\/\/wthgmbh.de\/?p=8656"},"modified":"2025-08-26T15:31:46","modified_gmt":"2025-08-26T13:31:46","slug":"oko-w-oko-z-klientami","status":"publish","type":"post","link":"https:\/\/wthgmbh.de\/pl\/oko-w-oko-z-klientami\/","title":{"rendered":"Oko w oko z klientami"},"content":{"rendered":"<h2>Oko w oko z klientami<\/h2>\n<h3>WTH b\u0119dzie wystawia\u0107 si\u0119 na czterech targach w 2023 roku<\/h3>\n<p>(mud) \u2013 Nigdzie indziej produkty lub us\u0142ugi firmy nie mog\u0105 by\u0107 lepiej zaprezentowane publiczno\u015bci ni\u017c na targach bran\u017cowych. I nie ma prawie \u017cadnej innej okazji, w kt\u00f3rej klienci i firmy mog\u0105 rozmawia\u0107 bardziej bezpo\u015brednio ni\u017c na targach. Zainteresowane strony i dostawcy spotykaj\u0105 si\u0119 tutaj twarz\u0105 w twarz &#8211; to buduje zaufanie. Dlatego udzia\u0142 w targach jest dla WTH GmbH nie tylko obowi\u0105zkowy, ale wr\u0119cz bardzo po\u017c\u0105dany.<\/p>\n<p>Lojalno\u015b\u0107 klienta, promowana przede wszystkim poprzez bliski kontakt osobisty, ma dla WTH kluczowe znaczenie. Szczeg\u00f3lnie w czasach kryzysu firma pokaza\u0142a, \u017ce \u200b\u200bosobista blisko\u015b\u0107 z zainteresowanymi stronami i klientami z jednej strony oraz dostawcami z drugiej strony s\u0105 wa\u017cnymi budulcami trwa\u0142ego sukcesu biznesowego.<\/p>\n<p>Wi\u0119kszo\u015b\u0107 z w du\u017cej mierze mi\u0119dzynarodowych imprez, w kt\u00f3rych firma zajmuj\u0105ca si\u0119 handlem z siedzib\u0105 w Stade regularnie uczestniczy jako wystawca targowy, od wielu lat znajduje si\u0119 na li\u015bcie kierownictwa firmy.<\/p>\n<p>Od 1992 r. prym wiod\u0105 najwi\u0119ksze na \u015bwiecie targi tworzyw sztucznych \u201eK\u201d (ostatnio w 2022 r.), kt\u00f3re odbywaj\u0105 si\u0119 co trzy lata w stolicy Nadrenii P\u00f3\u0142nocnej-Westfalii, D\u00fcsseldorfie. W tym roku targi WTH zaprowadz\u0105 ich do Friedrichshafen i Norymbergi na po\u0142udniu Niemiec, do Essen na zachodzie Niemiec i do Kielc w Polsce.<\/p>\n<p>W programie WTH w 2023 roku znajduj\u0105 si\u0119 \u0142\u0105cznie cztery targi:<\/p>\n<p>+ ECS \u201eEuropean Coating Show 2023\u201c w N\u00fcrnberg<br \/>\n28.-30.03.2023<\/p>\n<p>+ \u201ePlastpol 2023\u201c w Kielcach\/Polska<br \/>\n23.-26.05.2023<\/p>\n<p>+ \u201eCompounding World Expo 2023\u201c w Essen<br \/>\n14.-15.06.2023<\/p>\n<p>+ \u201eFAKUMA 2023\u201c we Friedrichshafen<br \/>\n17.-21.10.2023<\/p>\n<p>Jak co roku pracownicy WTH i kierownictwo firmy licz\u0105 na nawi\u0105zanie nowych, dobrych osobistych kontakt\u00f3w z odwiedzaj\u0105cymi poprzez udzia\u0142 w targach. Oczekuj\u0105 r\u00f3wnie\u017c jeszcze bli\u017cszej komunikacji w codziennej dzia\u0142alno\u015bci.<\/p>\n","protected":false},"excerpt":{"rendered":"<p>(mud) \u2013  Nigdzie indziej produkty lub us\u0142ugi firmy nie mog\u0105 by\u0107 lepiej zaprezentowane publiczno\u015bci ni\u017c na targach bran\u017cowych. I nie ma prawie \u017cadnej innej okazji, w kt\u00f3rej klienci i firmy mog\u0105 rozmawia\u0107 bardziej bezpo\u015brednio ni\u017c na targach. Zainteresowane strony i dostawcy spotykaj\u0105 si\u0119 tutaj  twarz\u0105 w twarz &#8211; to buduje zaufanie. Dlatego udzia\u0142 w targach jest dla WTH GmbH nie tylko obowi\u0105zkowy, ale wr\u0119cz bardzo po\u017c\u0105dany.<\/p>\n","protected":false},"author":38,"featured_media":8662,"comment_status":"open","ping_status":"closed","sticky":false,"template":"","format":"standard","meta":{"footnotes":""},"categories":[168,97],"tags":[117,118,119,120],"class_list":["post-8656","post","type-post","status-publish","format-standard","has-post-thumbnail","hentry","category-hauptbeitraege-2-2","category-magazinbeitraege-pl","tag-k2019-pl","tag-kunststoffmesse-pl","tag-wth-pl","tag-wth-gmbh-pl"],"_links":{"self":[{"href":"https:\/\/wthgmbh.de\/pl\/wp-json\/wp\/v2\/posts\/8656","targetHints":{"allow":["GET"]}}],"collection":[{"href":"https:\/\/wthgmbh.de\/pl\/wp-json\/wp\/v2\/posts"}],"about":[{"href":"https:\/\/wthgmbh.de\/pl\/wp-json\/wp\/v2\/types\/post"}],"author":[{"embeddable":true,"href":"https:\/\/wthgmbh.de\/pl\/wp-json\/wp\/v2\/users\/38"}],"replies":[{"embeddable":true,"href":"https:\/\/wthgmbh.de\/pl\/wp-json\/wp\/v2\/comments?post=8656"}],"version-history":[{"count":2,"href":"https:\/\/wthgmbh.de\/pl\/wp-json\/wp\/v2\/posts\/8656\/revisions"}],"predecessor-version":[{"id":11287,"href":"https:\/\/wthgmbh.de\/pl\/wp-json\/wp\/v2\/posts\/8656\/revisions\/11287"}],"wp:featuredmedia":[{"embeddable":true,"href":"https:\/\/wthgmbh.de\/pl\/wp-json\/wp\/v2\/media\/8662"}],"wp:attachment":[{"href":"https:\/\/wthgmbh.de\/pl\/wp-json\/wp\/v2\/media?parent=8656"}],"wp:term":[{"taxonomy":"category","embeddable":true,"href":"https:\/\/wthgmbh.de\/pl\/wp-json\/wp\/v2\/categories?post=8656"},{"taxonomy":"post_tag","embeddable":true,"href":"https:\/\/wthgmbh.de\/pl\/wp-json\/wp\/v2\/tags?post=8656"}],"curies":[{"name":"wp","href":"https:\/\/api.w.org\/{rel}","templated":true}]}}