{"id":10140,"date":"2024-11-01T15:32:18","date_gmt":"2024-11-01T14:32:18","guid":{"rendered":"https:\/\/wthgmbh.de\/?p=10140"},"modified":"2024-11-01T15:32:21","modified_gmt":"2024-11-01T14:32:21","slug":"nowa-czlonkini-zespolu-w-polsce-julia-krol","status":"publish","type":"post","link":"https:\/\/wthgmbh.de\/pl\/nowa-czlonkini-zespolu-w-polsce-julia-krol\/","title":{"rendered":"Nowa cz\u0142onkini zespo\u0142u w Polsce: Julia Kr\u00f3l"},"content":{"rendered":"\n<p>(red.) \u2013 Serdecznie witamy Juli\u0119 Kr\u00f3l w polskim zespole WTH. Pani Kr\u00f3l b\u0119dzie pe\u0142ni\u0107 kluczowe obowi\u0105zki w zakresie &#8222;farb, lakier\u00f3w i pow\u0142ok&#8221;.<\/p>\n\n\n\n<figure class=\"wp-block-image alignleft size-full is-resized\"><img fetchpriority=\"high\" decoding=\"async\" width=\"400\" height=\"597\" src=\"https:\/\/wthgmbh.de\/wp-content\/uploads\/2024\/11\/JuliaKrol-01H_Internet.jpg\" alt=\"\" class=\"wp-image-10133\" style=\"width:225px;height:auto\" srcset=\"https:\/\/wthgmbh.de\/wp-content\/uploads\/JuliaKrol-01H_Internet.jpg 400w, https:\/\/wthgmbh.de\/wp-content\/uploads\/JuliaKrol-01H_Internet-201x300.jpg 201w\" sizes=\"(max-width: 400px) 100vw, 400px\" \/><\/figure>\n\n\n\n<p>Wsp\u00f3lnie z Pani\u0105 Juli\u0105 Kr\u00f3l chcemy wzmocni\u0107 nasze dzia\u0142ania w Polsce i Europie Wschodniej. Dzi\u0119ki jej kompetencjom oraz gotowo\u015bci do podejmowania nowych wyzwa\u0144 widzimy du\u017ce szanse na dalszy i trwa\u0142y rozw\u00f3j naszego obszaru dzia\u0142alno\u015bci na tym rynku.<\/p>\n\n\n\n<p>Jeste\u015bmy przekonani, \u017ce Pani Julia wniesie \u015bwie\u017ce pomys\u0142y i jasne spojrzenie na oczekiwania klient\u00f3w. Wraz z naszymi do\u015bwiadczonymi pracownikami b\u0119dzie mog\u0142a dzi\u0119ki swojej wiedzy zawodowej przyczyni\u0107 si\u0119 do dalszego zwi\u0119kszania udzia\u0142u WTH w rynku.<\/p>\n\n\n\n<p>Pani Julio, \u017cyczymy Pani udanego startu!<\/p>\n\n\n\n<p><\/p>\n","protected":false},"excerpt":{"rendered":"<p>(red.) \u2013 Serdecznie witamy Juli\u0119 Kr\u00f3l w polskim zespole WTH. Pani Kr\u00f3l b\u0119dzie pe\u0142ni\u0107 kluczowe obowi\u0105zki w zakresie &#8222;farb, lakier\u00f3w i pow\u0142ok&#8221;.<\/p>\n","protected":false},"author":38,"featured_media":10141,"comment_status":"open","ping_status":"closed","sticky":false,"template":"","format":"standard","meta":{"footnotes":""},"categories":[81],"tags":[],"class_list":["post-10140","post","type-post","status-publish","format-standard","has-post-thumbnail","hentry","category-bez-kategorii"],"_links":{"self":[{"href":"https:\/\/wthgmbh.de\/pl\/wp-json\/wp\/v2\/posts\/10140","targetHints":{"allow":["GET"]}}],"collection":[{"href":"https:\/\/wthgmbh.de\/pl\/wp-json\/wp\/v2\/posts"}],"about":[{"href":"https:\/\/wthgmbh.de\/pl\/wp-json\/wp\/v2\/types\/post"}],"author":[{"embeddable":true,"href":"https:\/\/wthgmbh.de\/pl\/wp-json\/wp\/v2\/users\/38"}],"replies":[{"embeddable":true,"href":"https:\/\/wthgmbh.de\/pl\/wp-json\/wp\/v2\/comments?post=10140"}],"version-history":[{"count":1,"href":"https:\/\/wthgmbh.de\/pl\/wp-json\/wp\/v2\/posts\/10140\/revisions"}],"predecessor-version":[{"id":10144,"href":"https:\/\/wthgmbh.de\/pl\/wp-json\/wp\/v2\/posts\/10140\/revisions\/10144"}],"wp:featuredmedia":[{"embeddable":true,"href":"https:\/\/wthgmbh.de\/pl\/wp-json\/wp\/v2\/media\/10141"}],"wp:attachment":[{"href":"https:\/\/wthgmbh.de\/pl\/wp-json\/wp\/v2\/media?parent=10140"}],"wp:term":[{"taxonomy":"category","embeddable":true,"href":"https:\/\/wthgmbh.de\/pl\/wp-json\/wp\/v2\/categories?post=10140"},{"taxonomy":"post_tag","embeddable":true,"href":"https:\/\/wthgmbh.de\/pl\/wp-json\/wp\/v2\/tags?post=10140"}],"curies":[{"name":"wp","href":"https:\/\/api.w.org\/{rel}","templated":true}]}}